{"id":2073,"date":"2025-01-16T13:16:11","date_gmt":"2025-01-16T13:16:11","guid":{"rendered":"https:\/\/clarify.com.br\/blog\/?p=2073"},"modified":"2025-01-16T13:16:12","modified_gmt":"2025-01-16T13:16:12","slug":"capacitacao-digital-geracao-z","status":"publish","type":"post","link":"https:\/\/clarify.com.br\/blog\/capacitacao-digital-geracao-z\/","title":{"rendered":"A Import\u00e2ncia da Capacita\u00e7\u00e3o em Ferramentas Digitais para a Gera\u00e7\u00e3o Z"},"content":{"rendered":"\n<p>A Gera\u00e7\u00e3o Z, composta por jovens nascidos a partir do final da d\u00e9cada de 1990, \u00e9 frequentemente chamada de &#8220;nativa digital&#8221;. Afinal, essa \u00e9 a gera\u00e7\u00e3o que cresceu cercada por smartphones, redes sociais e internet de alta velocidade. No entanto, engana-se quem pensa que estar familiarizado com essas tecnologias significa ter dom\u00ednio total sobre ferramentas digitais. Neste cen\u00e1rio, os treinamentos tecnol\u00f3gicos surgem como aliados indispens\u00e1veis para preencher lacunas de conhecimento.<\/p>\n\n\n\n<h4 class=\"wp-block-heading\">A realidade por tr\u00e1s do &#8220;nativo digital&#8221;<\/h4>\n\n\n\n<p>Embora a Gera\u00e7\u00e3o Z tenha facilidade para navegar em redes sociais e aplicativos de entretenimento, isso n\u00e3o significa que ela domine ferramentas voltadas para o mercado de trabalho. Por exemplo, muitos jovens enfrentam dificuldades ao usar planilhas no Excel, criar apresenta\u00e7\u00f5es no PowerPoint ou gerenciar dados com o Microsoft Office 365. Esses desafios revelam a necessidade de capacita\u00e7\u00e3o espec\u00edfica para atender \u00e0s demandas profissionais.<\/p>\n\n\n\n<h4 class=\"wp-block-heading\">Por que investir em treinamentos tecnol\u00f3gicos?<\/h4>\n\n\n\n<p>Em um mundo cada vez mais digital, o mercado de trabalho exige habilidades t\u00e9cnicas bem desenvolvidas. Empresas valorizam profissionais que saibam usar ferramentas como o Excel para organizar dados, o Power BI para criar an\u00e1lises visuais e o Microsoft Office 365 para colaborar em projetos. Essas compet\u00eancias s\u00e3o fundamentais para quem deseja se destacar.<\/p>\n\n\n\n<p>Ademais, a capacita\u00e7\u00e3o n\u00e3o apenas melhora a performance no trabalho, mas tamb\u00e9m aumenta a confian\u00e7a dos profissionais para encarar novos desafios. Como resultado, os jovens conseguem aproveitar melhor as oportunidades dispon\u00edveis.<\/p>\n\n\n\n<h4 class=\"wp-block-heading\">Como os treinamentos preenchem as lacunas<\/h4>\n\n\n\n<p>Treinamentos tecnol\u00f3gicos oferecem um aprendizado estruturado, focado em necessidades pr\u00e1ticas. Diferente de explorar essas ferramentas por conta pr\u00f3pria, os cursos guiados ensinam desde os conceitos b\u00e1sicos at\u00e9 as fun\u00e7\u00f5es mais avan\u00e7adas. Assim, os participantes conseguem aplicar o conhecimento diretamente no dia a dia.<\/p>\n\n\n\n<p>Por exemplo, imagine um jovem que nunca usou uma ferramenta de colabora\u00e7\u00e3o do Microsoft Office 365, como o Teams. Com um treinamento adequado, ele n\u00e3o apenas aprender\u00e1 a usar a ferramenta, mas tamb\u00e9m entender\u00e1 como aplic\u00e1-la para otimizar o trabalho em equipe e aumentar a produtividade.<\/p>\n\n\n\n<h4 class=\"wp-block-heading\">Considera\u00e7\u00f5es finais<\/h4>\n\n\n\n<p>Embora a Gera\u00e7\u00e3o Z tenha um bom relacionamento com a tecnologia, h\u00e1 muito a aprender quando se trata de ferramentas digitais voltadas para o mercado de trabalho. Investir em capacita\u00e7\u00e3o \u00e9 essencial para desenvolver essas habilidades e se destacar em um ambiente cada vez mais competitivo.<\/p>\n\n\n\n<p>Quer transformar suas habilidades e preencher as lacunas de conhecimento? <a href=\"https:\/\/clarify.com.br\/\">Conhe\u00e7a os cursos da Clarify <\/a>e prepare-se para o futuro do mercado digital. Acesse nosso site e confira!<\/p>\n","protected":false},"excerpt":{"rendered":"<p>Capacita\u00e7\u00e3o digital Gera\u00e7\u00e3o Z: treinamentos que preparam jovens para o mercado e desenvolvem habilidades essenciais<\/p>\n","protected":false},"author":2,"featured_media":2074,"comment_status":"open","ping_status":"open","sticky":false,"template":"","format":"standard","meta":{"footnotes":""},"categories":[68,19,9],"tags":[18,12,70],"class_list":["post-2073","post","type-post","status-publish","format-standard","has-post-thumbnail","hentry","category-curso-de-office-365","category-cursos","category-excel","tag-cursos","tag-excel","tag-office-365"],"yoast_head":"<!-- This site is optimized with the Yoast SEO plugin v27.5 - https:\/\/yoast.com\/product\/yoast-seo-wordpress\/ -->\n<title>Capacita\u00e7\u00e3o digital Gera\u00e7\u00e3o Z<\/title>\n<meta name=\"description\" content=\"Capacita\u00e7\u00e3o digital Gera\u00e7\u00e3o Z: treinamentos que preparam jovens para o mercado e desenvolvem habilidades essenciais\" \/>\n<meta name=\"robots\" content=\"index, follow, max-snippet:-1, max-image-preview:large, max-video-preview:-1\" \/>\n<link rel=\"canonical\" href=\"https:\/\/clarify.com.br\/blog\/capacitacao-digital-geracao-z\/\" \/>\n<meta property=\"og:locale\" content=\"pt_BR\" \/>\n<meta property=\"og:type\" content=\"article\" \/>\n<meta property=\"og:title\" content=\"Capacita\u00e7\u00e3o digital Gera\u00e7\u00e3o Z\" \/>\n<meta property=\"og:description\" content=\"Capacita\u00e7\u00e3o digital Gera\u00e7\u00e3o Z: treinamentos que preparam jovens para o mercado e desenvolvem habilidades essenciais\" \/>\n<meta property=\"og:url\" content=\"https:\/\/clarify.com.br\/blog\/capacitacao-digital-geracao-z\/\" \/>\n<meta property=\"og:site_name\" content=\"Clarify\" \/>\n<meta property=\"article:published_time\" content=\"2025-01-16T13:16:11+00:00\" \/>\n<meta property=\"article:modified_time\" content=\"2025-01-16T13:16:12+00:00\" \/>\n<meta property=\"og:image\" content=\"https:\/\/clarify.com.br\/blog\/wp-content\/uploads\/2025\/01\/feche-amigos-sorridentes-com-laptop_23-2149103122.jpg\" \/>\n\t<meta property=\"og:image:width\" content=\"740\" \/>\n\t<meta property=\"og:image:height\" content=\"493\" \/>\n\t<meta property=\"og:image:type\" content=\"image\/jpeg\" \/>\n<meta name=\"author\" content=\"Clarify Treinamentos\" \/>\n<meta name=\"twitter:card\" content=\"summary_large_image\" \/>\n<meta name=\"twitter:label1\" content=\"Escrito por\" \/>\n\t<meta name=\"twitter:data1\" content=\"Clarify Treinamentos\" \/>\n\t<meta name=\"twitter:label2\" content=\"Est. tempo de leitura\" \/>\n\t<meta name=\"twitter:data2\" content=\"2 minutos\" \/>\n<script type=\"application\/ld+json\" class=\"yoast-schema-graph\">{\"@context\":\"https:\\\/\\\/schema.org\",\"@graph\":[{\"@type\":\"Article\",\"@id\":\"https:\\\/\\\/clarify.com.br\\\/blog\\\/capacitacao-digital-geracao-z\\\/#article\",\"isPartOf\":{\"@id\":\"https:\\\/\\\/clarify.com.br\\\/blog\\\/capacitacao-digital-geracao-z\\\/\"},\"author\":{\"name\":\"Clarify Treinamentos\",\"@id\":\"https:\\\/\\\/clarify.com.br\\\/blog\\\/#\\\/schema\\\/person\\\/1a1e204704dc4f24e173705c95ca88de\"},\"headline\":\"A Import\u00e2ncia da Capacita\u00e7\u00e3o em Ferramentas Digitais para a Gera\u00e7\u00e3o Z\",\"datePublished\":\"2025-01-16T13:16:11+00:00\",\"dateModified\":\"2025-01-16T13:16:12+00:00\",\"mainEntityOfPage\":{\"@id\":\"https:\\\/\\\/clarify.com.br\\\/blog\\\/capacitacao-digital-geracao-z\\\/\"},\"wordCount\":447,\"commentCount\":0,\"image\":{\"@id\":\"https:\\\/\\\/clarify.com.br\\\/blog\\\/capacitacao-digital-geracao-z\\\/#primaryimage\"},\"thumbnailUrl\":\"https:\\\/\\\/clarify.com.br\\\/blog\\\/wp-content\\\/uploads\\\/2025\\\/01\\\/feche-amigos-sorridentes-com-laptop_23-2149103122.jpg\",\"keywords\":[\"Cursos\",\"Excel\",\"Office 365\"],\"articleSection\":[\"Curso de Office 365\",\"Cursos\",\"Excel\"],\"inLanguage\":\"pt-BR\",\"potentialAction\":[{\"@type\":\"CommentAction\",\"name\":\"Comment\",\"target\":[\"https:\\\/\\\/clarify.com.br\\\/blog\\\/capacitacao-digital-geracao-z\\\/#respond\"]}]},{\"@type\":\"WebPage\",\"@id\":\"https:\\\/\\\/clarify.com.br\\\/blog\\\/capacitacao-digital-geracao-z\\\/\",\"url\":\"https:\\\/\\\/clarify.com.br\\\/blog\\\/capacitacao-digital-geracao-z\\\/\",\"name\":\"Capacita\u00e7\u00e3o digital Gera\u00e7\u00e3o Z\",\"isPartOf\":{\"@id\":\"https:\\\/\\\/clarify.com.br\\\/blog\\\/#website\"},\"primaryImageOfPage\":{\"@id\":\"https:\\\/\\\/clarify.com.br\\\/blog\\\/capacitacao-digital-geracao-z\\\/#primaryimage\"},\"image\":{\"@id\":\"https:\\\/\\\/clarify.com.br\\\/blog\\\/capacitacao-digital-geracao-z\\\/#primaryimage\"},\"thumbnailUrl\":\"https:\\\/\\\/clarify.com.br\\\/blog\\\/wp-content\\\/uploads\\\/2025\\\/01\\\/feche-amigos-sorridentes-com-laptop_23-2149103122.jpg\",\"datePublished\":\"2025-01-16T13:16:11+00:00\",\"dateModified\":\"2025-01-16T13:16:12+00:00\",\"author\":{\"@id\":\"https:\\\/\\\/clarify.com.br\\\/blog\\\/#\\\/schema\\\/person\\\/1a1e204704dc4f24e173705c95ca88de\"},\"description\":\"Capacita\u00e7\u00e3o digital Gera\u00e7\u00e3o Z: treinamentos que preparam jovens para o mercado e desenvolvem habilidades essenciais\",\"breadcrumb\":{\"@id\":\"https:\\\/\\\/clarify.com.br\\\/blog\\\/capacitacao-digital-geracao-z\\\/#breadcrumb\"},\"inLanguage\":\"pt-BR\",\"potentialAction\":[{\"@type\":\"ReadAction\",\"target\":[\"https:\\\/\\\/clarify.com.br\\\/blog\\\/capacitacao-digital-geracao-z\\\/\"]}]},{\"@type\":\"ImageObject\",\"inLanguage\":\"pt-BR\",\"@id\":\"https:\\\/\\\/clarify.com.br\\\/blog\\\/capacitacao-digital-geracao-z\\\/#primaryimage\",\"url\":\"https:\\\/\\\/clarify.com.br\\\/blog\\\/wp-content\\\/uploads\\\/2025\\\/01\\\/feche-amigos-sorridentes-com-laptop_23-2149103122.jpg\",\"contentUrl\":\"https:\\\/\\\/clarify.com.br\\\/blog\\\/wp-content\\\/uploads\\\/2025\\\/01\\\/feche-amigos-sorridentes-com-laptop_23-2149103122.jpg\",\"width\":740,\"height\":493,\"caption\":\"Capacita\u00e7\u00e3o digital Gera\u00e7\u00e3o Z\"},{\"@type\":\"BreadcrumbList\",\"@id\":\"https:\\\/\\\/clarify.com.br\\\/blog\\\/capacitacao-digital-geracao-z\\\/#breadcrumb\",\"itemListElement\":[{\"@type\":\"ListItem\",\"position\":1,\"name\":\"Home\",\"item\":\"https:\\\/\\\/clarify.com.br\\\/blog\\\/\"},{\"@type\":\"ListItem\",\"position\":2,\"name\":\"A Import\u00e2ncia da Capacita\u00e7\u00e3o em Ferramentas Digitais para a Gera\u00e7\u00e3o Z\"}]},{\"@type\":\"WebSite\",\"@id\":\"https:\\\/\\\/clarify.com.br\\\/blog\\\/#website\",\"url\":\"https:\\\/\\\/clarify.com.br\\\/blog\\\/\",\"name\":\"Clarify\",\"description\":\"Blog\",\"potentialAction\":[{\"@type\":\"SearchAction\",\"target\":{\"@type\":\"EntryPoint\",\"urlTemplate\":\"https:\\\/\\\/clarify.com.br\\\/blog\\\/?s={search_term_string}\"},\"query-input\":{\"@type\":\"PropertyValueSpecification\",\"valueRequired\":true,\"valueName\":\"search_term_string\"}}],\"inLanguage\":\"pt-BR\"},{\"@type\":\"Person\",\"@id\":\"https:\\\/\\\/clarify.com.br\\\/blog\\\/#\\\/schema\\\/person\\\/1a1e204704dc4f24e173705c95ca88de\",\"name\":\"Clarify Treinamentos\",\"image\":{\"@type\":\"ImageObject\",\"inLanguage\":\"pt-BR\",\"@id\":\"https:\\\/\\\/secure.gravatar.com\\\/avatar\\\/907107134d0a92e3bf44f9442d1df251f52e440a730df8a1a031ddc538928e7c?s=96&d=mm&r=g\",\"url\":\"https:\\\/\\\/secure.gravatar.com\\\/avatar\\\/907107134d0a92e3bf44f9442d1df251f52e440a730df8a1a031ddc538928e7c?s=96&d=mm&r=g\",\"contentUrl\":\"https:\\\/\\\/secure.gravatar.com\\\/avatar\\\/907107134d0a92e3bf44f9442d1df251f52e440a730df8a1a031ddc538928e7c?s=96&d=mm&r=g\",\"caption\":\"Clarify Treinamentos\"},\"description\":\"Somos uma escola que acredita no potencial de todos. Uma for\u00e7a capaz de colocar nossos mundos em movimentos. Um chamado para quem n\u00e3o tem medo de aprender.\",\"sameAs\":[\"https:\\\/\\\/clarify.com.br\"],\"url\":\"https:\\\/\\\/clarify.com.br\\\/blog\\\/author\\\/bruna\\\/\"}]}<\/script>\n<!-- \/ Yoast SEO plugin. -->","yoast_head_json":{"title":"Capacita\u00e7\u00e3o digital Gera\u00e7\u00e3o Z","description":"Capacita\u00e7\u00e3o digital Gera\u00e7\u00e3o Z: treinamentos que preparam jovens para o mercado e desenvolvem habilidades essenciais","robots":{"index":"index","follow":"follow","max-snippet":"max-snippet:-1","max-image-preview":"max-image-preview:large","max-video-preview":"max-video-preview:-1"},"canonical":"https:\/\/clarify.com.br\/blog\/capacitacao-digital-geracao-z\/","og_locale":"pt_BR","og_type":"article","og_title":"Capacita\u00e7\u00e3o digital Gera\u00e7\u00e3o Z","og_description":"Capacita\u00e7\u00e3o digital Gera\u00e7\u00e3o Z: treinamentos que preparam jovens para o mercado e desenvolvem habilidades essenciais","og_url":"https:\/\/clarify.com.br\/blog\/capacitacao-digital-geracao-z\/","og_site_name":"Clarify","article_published_time":"2025-01-16T13:16:11+00:00","article_modified_time":"2025-01-16T13:16:12+00:00","og_image":[{"width":740,"height":493,"url":"https:\/\/clarify.com.br\/blog\/wp-content\/uploads\/2025\/01\/feche-amigos-sorridentes-com-laptop_23-2149103122.jpg","type":"image\/jpeg"}],"author":"Clarify Treinamentos","twitter_card":"summary_large_image","twitter_misc":{"Escrito por":"Clarify Treinamentos","Est. tempo de leitura":"2 minutos"},"schema":{"@context":"https:\/\/schema.org","@graph":[{"@type":"Article","@id":"https:\/\/clarify.com.br\/blog\/capacitacao-digital-geracao-z\/#article","isPartOf":{"@id":"https:\/\/clarify.com.br\/blog\/capacitacao-digital-geracao-z\/"},"author":{"name":"Clarify Treinamentos","@id":"https:\/\/clarify.com.br\/blog\/#\/schema\/person\/1a1e204704dc4f24e173705c95ca88de"},"headline":"A Import\u00e2ncia da Capacita\u00e7\u00e3o em Ferramentas Digitais para a Gera\u00e7\u00e3o Z","datePublished":"2025-01-16T13:16:11+00:00","dateModified":"2025-01-16T13:16:12+00:00","mainEntityOfPage":{"@id":"https:\/\/clarify.com.br\/blog\/capacitacao-digital-geracao-z\/"},"wordCount":447,"commentCount":0,"image":{"@id":"https:\/\/clarify.com.br\/blog\/capacitacao-digital-geracao-z\/#primaryimage"},"thumbnailUrl":"https:\/\/clarify.com.br\/blog\/wp-content\/uploads\/2025\/01\/feche-amigos-sorridentes-com-laptop_23-2149103122.jpg","keywords":["Cursos","Excel","Office 365"],"articleSection":["Curso de Office 365","Cursos","Excel"],"inLanguage":"pt-BR","potentialAction":[{"@type":"CommentAction","name":"Comment","target":["https:\/\/clarify.com.br\/blog\/capacitacao-digital-geracao-z\/#respond"]}]},{"@type":"WebPage","@id":"https:\/\/clarify.com.br\/blog\/capacitacao-digital-geracao-z\/","url":"https:\/\/clarify.com.br\/blog\/capacitacao-digital-geracao-z\/","name":"Capacita\u00e7\u00e3o digital Gera\u00e7\u00e3o Z","isPartOf":{"@id":"https:\/\/clarify.com.br\/blog\/#website"},"primaryImageOfPage":{"@id":"https:\/\/clarify.com.br\/blog\/capacitacao-digital-geracao-z\/#primaryimage"},"image":{"@id":"https:\/\/clarify.com.br\/blog\/capacitacao-digital-geracao-z\/#primaryimage"},"thumbnailUrl":"https:\/\/clarify.com.br\/blog\/wp-content\/uploads\/2025\/01\/feche-amigos-sorridentes-com-laptop_23-2149103122.jpg","datePublished":"2025-01-16T13:16:11+00:00","dateModified":"2025-01-16T13:16:12+00:00","author":{"@id":"https:\/\/clarify.com.br\/blog\/#\/schema\/person\/1a1e204704dc4f24e173705c95ca88de"},"description":"Capacita\u00e7\u00e3o digital Gera\u00e7\u00e3o Z: treinamentos que preparam jovens para o mercado e desenvolvem habilidades essenciais","breadcrumb":{"@id":"https:\/\/clarify.com.br\/blog\/capacitacao-digital-geracao-z\/#breadcrumb"},"inLanguage":"pt-BR","potentialAction":[{"@type":"ReadAction","target":["https:\/\/clarify.com.br\/blog\/capacitacao-digital-geracao-z\/"]}]},{"@type":"ImageObject","inLanguage":"pt-BR","@id":"https:\/\/clarify.com.br\/blog\/capacitacao-digital-geracao-z\/#primaryimage","url":"https:\/\/clarify.com.br\/blog\/wp-content\/uploads\/2025\/01\/feche-amigos-sorridentes-com-laptop_23-2149103122.jpg","contentUrl":"https:\/\/clarify.com.br\/blog\/wp-content\/uploads\/2025\/01\/feche-amigos-sorridentes-com-laptop_23-2149103122.jpg","width":740,"height":493,"caption":"Capacita\u00e7\u00e3o digital Gera\u00e7\u00e3o Z"},{"@type":"BreadcrumbList","@id":"https:\/\/clarify.com.br\/blog\/capacitacao-digital-geracao-z\/#breadcrumb","itemListElement":[{"@type":"ListItem","position":1,"name":"Home","item":"https:\/\/clarify.com.br\/blog\/"},{"@type":"ListItem","position":2,"name":"A Import\u00e2ncia da Capacita\u00e7\u00e3o em Ferramentas Digitais para a Gera\u00e7\u00e3o Z"}]},{"@type":"WebSite","@id":"https:\/\/clarify.com.br\/blog\/#website","url":"https:\/\/clarify.com.br\/blog\/","name":"Clarify","description":"Blog","potentialAction":[{"@type":"SearchAction","target":{"@type":"EntryPoint","urlTemplate":"https:\/\/clarify.com.br\/blog\/?s={search_term_string}"},"query-input":{"@type":"PropertyValueSpecification","valueRequired":true,"valueName":"search_term_string"}}],"inLanguage":"pt-BR"},{"@type":"Person","@id":"https:\/\/clarify.com.br\/blog\/#\/schema\/person\/1a1e204704dc4f24e173705c95ca88de","name":"Clarify Treinamentos","image":{"@type":"ImageObject","inLanguage":"pt-BR","@id":"https:\/\/secure.gravatar.com\/avatar\/907107134d0a92e3bf44f9442d1df251f52e440a730df8a1a031ddc538928e7c?s=96&d=mm&r=g","url":"https:\/\/secure.gravatar.com\/avatar\/907107134d0a92e3bf44f9442d1df251f52e440a730df8a1a031ddc538928e7c?s=96&d=mm&r=g","contentUrl":"https:\/\/secure.gravatar.com\/avatar\/907107134d0a92e3bf44f9442d1df251f52e440a730df8a1a031ddc538928e7c?s=96&d=mm&r=g","caption":"Clarify Treinamentos"},"description":"Somos uma escola que acredita no potencial de todos. Uma for\u00e7a capaz de colocar nossos mundos em movimentos. Um chamado para quem n\u00e3o tem medo de aprender.","sameAs":["https:\/\/clarify.com.br"],"url":"https:\/\/clarify.com.br\/blog\/author\/bruna\/"}]}},"_links":{"self":[{"href":"https:\/\/clarify.com.br\/blog\/wp-json\/wp\/v2\/posts\/2073","targetHints":{"allow":["GET"]}}],"collection":[{"href":"https:\/\/clarify.com.br\/blog\/wp-json\/wp\/v2\/posts"}],"about":[{"href":"https:\/\/clarify.com.br\/blog\/wp-json\/wp\/v2\/types\/post"}],"author":[{"embeddable":true,"href":"https:\/\/clarify.com.br\/blog\/wp-json\/wp\/v2\/users\/2"}],"replies":[{"embeddable":true,"href":"https:\/\/clarify.com.br\/blog\/wp-json\/wp\/v2\/comments?post=2073"}],"version-history":[{"count":5,"href":"https:\/\/clarify.com.br\/blog\/wp-json\/wp\/v2\/posts\/2073\/revisions"}],"predecessor-version":[{"id":2079,"href":"https:\/\/clarify.com.br\/blog\/wp-json\/wp\/v2\/posts\/2073\/revisions\/2079"}],"wp:featuredmedia":[{"embeddable":true,"href":"https:\/\/clarify.com.br\/blog\/wp-json\/wp\/v2\/media\/2074"}],"wp:attachment":[{"href":"https:\/\/clarify.com.br\/blog\/wp-json\/wp\/v2\/media?parent=2073"}],"wp:term":[{"taxonomy":"category","embeddable":true,"href":"https:\/\/clarify.com.br\/blog\/wp-json\/wp\/v2\/categories?post=2073"},{"taxonomy":"post_tag","embeddable":true,"href":"https:\/\/clarify.com.br\/blog\/wp-json\/wp\/v2\/tags?post=2073"}],"curies":[{"name":"wp","href":"https:\/\/api.w.org\/{rel}","templated":true}]}}