{"id":3160,"date":"2025-10-07T10:00:00","date_gmt":"2025-10-07T10:00:00","guid":{"rendered":"https:\/\/clarify.com.br\/blog\/?p=3160"},"modified":"2025-10-09T14:28:38","modified_gmt":"2025-10-09T14:28:38","slug":"demanda-por-profissionais-em-analise-de-dados","status":"publish","type":"post","link":"https:\/\/clarify.com.br\/blog\/demanda-por-profissionais-em-analise-de-dados\/","title":{"rendered":"Demanda por profissionais em An\u00e1lise de Dados: tend\u00eancia at\u00e9 2030"},"content":{"rendered":"\n<h1 class=\"wp-block-heading\"><\/h1>\n\n\n\n<p>A <strong>demanda por profissionais em an\u00e1lise de dados<\/strong> n\u00e3o para de crescer, e j\u00e1 se tornou uma das tend\u00eancias mais fortes do mercado de trabalho. Nos \u00faltimos anos, a an\u00e1lise de dados deixou de ser apenas uma \u00e1rea de apoio e passou a ocupar um papel estrat\u00e9gico dentro das empresas. Afinal, os neg\u00f3cios dependem cada vez mais de informa\u00e7\u00f5es concretas para tomar decis\u00f5es r\u00e1pidas e assertivas.<\/p>\n\n\n\n<h2 class=\"wp-block-heading\">O papel estrat\u00e9gico da an\u00e1lise de dados<\/h2>\n\n\n\n<p>Hoje, praticamente todo setor gera e coleta uma grande quantidade de dados. O varejo acompanha o comportamento dos clientes, enquanto a ind\u00fastria monitora processos de produ\u00e7\u00e3o em tempo real. Assim, os profissionais que transformam n\u00fameros em insights claros e \u00fateis ganham destaque na estrat\u00e9gia e competitividade das organiza\u00e7\u00f5es.<\/p>\n\n\n\n<p>Al\u00e9m disso, a an\u00e1lise de dados permite prever tend\u00eancias, corrigir falhas e direcionar investimentos. Consequentemente, empresas que aplicam bem esse processo conseguem se diferenciar no mercado com mais rapidez e efici\u00eancia.<\/p>\n\n\n\n<h2 class=\"wp-block-heading\">Crescimento da demanda at\u00e9 2030<\/h2>\n\n\n\n<p>Um levantamento recente da <a href=\"https:\/\/conteudo.totvs.com\/panorama-das-carreiras-2030\">TOTVS <\/a>mostra que a <strong>demanda por profissionais em an\u00e1lise de dados<\/strong> deve crescer de forma acelerada at\u00e9 2030. Portanto, quem busca estabilidade e oportunidades encontra nesse campo um caminho promissor.<\/p>\n\n\n\n<p>Por outro lado, n\u00e3o se trata apenas de uma tend\u00eancia passageira. O movimento acompanha a digitaliza\u00e7\u00e3o global, o aumento da coleta de informa\u00e7\u00f5es e a necessidade de interpretar grandes volumes de dados. Logo, quanto mais as empresas se digitalizam, maior ser\u00e1 a procura por especialistas em an\u00e1lise de dados.<\/p>\n\n\n\n<h2 class=\"wp-block-heading\">O que o mercado espera desses profissionais<\/h2>\n\n\n\n<p>O mercado n\u00e3o procura apenas quem tem familiaridade com planilhas. Pelo contr\u00e1rio, as empresas valorizam profissionais que dominam ferramentas modernas, interpretam resultados e comunicam descobertas de forma clara. Nesse sentido, n\u00e3o basta a t\u00e9cnica: \u00e9 preciso tamb\u00e9m ter vis\u00e3o estrat\u00e9gica e capacidade de di\u00e1logo com diferentes \u00e1reas.<\/p>\n\n\n\n<h2 class=\"wp-block-heading\">Uma carreira em alta valoriza\u00e7\u00e3o<\/h2>\n\n\n\n<p>Em resumo, quem investe em forma\u00e7\u00e3o em an\u00e1lise de dados encontra oportunidades em setores como tecnologia, sa\u00fade, finan\u00e7as, marketing e log\u00edstica. Apesar disso,<strong> <\/strong>ainda existe escassez de profissionais qualificados, o que aumenta a valoriza\u00e7\u00e3o da carreira. Assim, as perspectivas de remunera\u00e7\u00e3o e crescimento seguem positivas.<\/p>\n\n\n\n<p>\ud83d\udc49 Quer se aprofundar nesse tema? Veja mais artigos sobre <a href=\"https:\/\/clarify.com.br\/blog\/?s=an%C3%A1lise+de+dados\">An\u00e1lise de Dados<\/a>.<\/p>\n\n\n\n<p>E se voc\u00ea tamb\u00e9m enxerga esse potencial, conhe\u00e7a a <strong>Clarify<\/strong> e descubra como podemos apoiar sua jornada na \u00e1rea de An\u00e1lise de Dados. Acesse: https:\/\/clarify.com.br\/curso-analise-de-dados e fale com um de nossos consultores.<\/p>\n","protected":false},"excerpt":{"rendered":"<p>A demanda por profissionais em an\u00e1lise de dados n\u00e3o para de crescer, e j\u00e1 se tornou uma das tend\u00eancias mais fortes do mercado de trabalho. Nos \u00faltimos anos, a an\u00e1lise de dados deixou de ser apenas uma \u00e1rea de apoio e passou a ocupar um papel estrat\u00e9gico dentro das empresas. Afinal, os neg\u00f3cios dependem cada &#8230; <\/p>\n","protected":false},"author":1,"featured_media":3165,"comment_status":"open","ping_status":"open","sticky":false,"template":"","format":"standard","meta":{"footnotes":""},"categories":[41],"tags":[53],"class_list":["post-3160","post","type-post","status-publish","format-standard","has-post-thumbnail","hentry","category-analise-de-dados","tag-analise-de-dados"],"yoast_head":"<!-- This site is optimized with the Yoast SEO plugin v27.4 - https:\/\/yoast.com\/product\/yoast-seo-wordpress\/ -->\n<title>Demanda por profissionais em an\u00e1lise de dados<\/title>\n<meta name=\"description\" content=\"A demanda por profissionais em an\u00e1lise de dados cresce at\u00e9 2030. Descubra por que essa \u00e9 uma das carreiras mais promissoras do mercado.\" \/>\n<meta name=\"robots\" content=\"index, follow, max-snippet:-1, max-image-preview:large, max-video-preview:-1\" \/>\n<link rel=\"canonical\" href=\"https:\/\/clarify.com.br\/blog\/demanda-por-profissionais-em-analise-de-dados\/\" \/>\n<meta property=\"og:locale\" content=\"pt_BR\" \/>\n<meta property=\"og:type\" content=\"article\" \/>\n<meta property=\"og:title\" content=\"Demanda por profissionais em an\u00e1lise de dados\" \/>\n<meta property=\"og:description\" content=\"A demanda por profissionais em an\u00e1lise de dados cresce at\u00e9 2030. Descubra por que essa \u00e9 uma das carreiras mais promissoras do mercado.\" \/>\n<meta property=\"og:url\" content=\"https:\/\/clarify.com.br\/blog\/demanda-por-profissionais-em-analise-de-dados\/\" \/>\n<meta property=\"og:site_name\" content=\"Clarify\" \/>\n<meta property=\"article:published_time\" content=\"2025-10-07T10:00:00+00:00\" \/>\n<meta property=\"article:modified_time\" content=\"2025-10-09T14:28:38+00:00\" \/>\n<meta property=\"og:image\" content=\"https:\/\/clarify.com.br\/blog\/wp-content\/uploads\/2025\/10\/um-homem-esta-trabalhando-em-um-computador-com-um-grafico-na-tela-scaled.jpg\" \/>\n\t<meta property=\"og:image:width\" content=\"2560\" \/>\n\t<meta property=\"og:image:height\" content=\"1463\" \/>\n\t<meta property=\"og:image:type\" content=\"image\/jpeg\" \/>\n<meta name=\"author\" content=\"Clarify\" \/>\n<meta name=\"twitter:card\" content=\"summary_large_image\" \/>\n<meta name=\"twitter:label1\" content=\"Escrito por\" \/>\n\t<meta name=\"twitter:data1\" content=\"Clarify\" \/>\n\t<meta name=\"twitter:label2\" content=\"Est. tempo de leitura\" \/>\n\t<meta name=\"twitter:data2\" content=\"3 minutos\" \/>\n<script type=\"application\/ld+json\" class=\"yoast-schema-graph\">{\"@context\":\"https:\\\/\\\/schema.org\",\"@graph\":[{\"@type\":\"Article\",\"@id\":\"https:\\\/\\\/clarify.com.br\\\/blog\\\/demanda-por-profissionais-em-analise-de-dados\\\/#article\",\"isPartOf\":{\"@id\":\"https:\\\/\\\/clarify.com.br\\\/blog\\\/demanda-por-profissionais-em-analise-de-dados\\\/\"},\"author\":{\"name\":\"Clarify\",\"@id\":\"https:\\\/\\\/clarify.com.br\\\/blog\\\/#\\\/schema\\\/person\\\/8ec0e8d0e41a3241248767d314f7e266\"},\"headline\":\"Demanda por profissionais em An\u00e1lise de Dados: tend\u00eancia at\u00e9 2030\",\"datePublished\":\"2025-10-07T10:00:00+00:00\",\"dateModified\":\"2025-10-09T14:28:38+00:00\",\"mainEntityOfPage\":{\"@id\":\"https:\\\/\\\/clarify.com.br\\\/blog\\\/demanda-por-profissionais-em-analise-de-dados\\\/\"},\"wordCount\":446,\"commentCount\":1,\"image\":{\"@id\":\"https:\\\/\\\/clarify.com.br\\\/blog\\\/demanda-por-profissionais-em-analise-de-dados\\\/#primaryimage\"},\"thumbnailUrl\":\"https:\\\/\\\/clarify.com.br\\\/blog\\\/wp-content\\\/uploads\\\/2025\\\/10\\\/um-homem-esta-trabalhando-em-um-computador-com-um-grafico-na-tela-scaled.jpg\",\"keywords\":[\"Analise de Dados\"],\"articleSection\":[\"Analise de Dados\"],\"inLanguage\":\"pt-BR\",\"potentialAction\":[{\"@type\":\"CommentAction\",\"name\":\"Comment\",\"target\":[\"https:\\\/\\\/clarify.com.br\\\/blog\\\/demanda-por-profissionais-em-analise-de-dados\\\/#respond\"]}]},{\"@type\":\"WebPage\",\"@id\":\"https:\\\/\\\/clarify.com.br\\\/blog\\\/demanda-por-profissionais-em-analise-de-dados\\\/\",\"url\":\"https:\\\/\\\/clarify.com.br\\\/blog\\\/demanda-por-profissionais-em-analise-de-dados\\\/\",\"name\":\"Demanda por profissionais em an\u00e1lise de dados\",\"isPartOf\":{\"@id\":\"https:\\\/\\\/clarify.com.br\\\/blog\\\/#website\"},\"primaryImageOfPage\":{\"@id\":\"https:\\\/\\\/clarify.com.br\\\/blog\\\/demanda-por-profissionais-em-analise-de-dados\\\/#primaryimage\"},\"image\":{\"@id\":\"https:\\\/\\\/clarify.com.br\\\/blog\\\/demanda-por-profissionais-em-analise-de-dados\\\/#primaryimage\"},\"thumbnailUrl\":\"https:\\\/\\\/clarify.com.br\\\/blog\\\/wp-content\\\/uploads\\\/2025\\\/10\\\/um-homem-esta-trabalhando-em-um-computador-com-um-grafico-na-tela-scaled.jpg\",\"datePublished\":\"2025-10-07T10:00:00+00:00\",\"dateModified\":\"2025-10-09T14:28:38+00:00\",\"author\":{\"@id\":\"https:\\\/\\\/clarify.com.br\\\/blog\\\/#\\\/schema\\\/person\\\/8ec0e8d0e41a3241248767d314f7e266\"},\"description\":\"A demanda por profissionais em an\u00e1lise de dados cresce at\u00e9 2030. Descubra por que essa \u00e9 uma das carreiras mais promissoras do mercado.\",\"breadcrumb\":{\"@id\":\"https:\\\/\\\/clarify.com.br\\\/blog\\\/demanda-por-profissionais-em-analise-de-dados\\\/#breadcrumb\"},\"inLanguage\":\"pt-BR\",\"potentialAction\":[{\"@type\":\"ReadAction\",\"target\":[\"https:\\\/\\\/clarify.com.br\\\/blog\\\/demanda-por-profissionais-em-analise-de-dados\\\/\"]}]},{\"@type\":\"ImageObject\",\"inLanguage\":\"pt-BR\",\"@id\":\"https:\\\/\\\/clarify.com.br\\\/blog\\\/demanda-por-profissionais-em-analise-de-dados\\\/#primaryimage\",\"url\":\"https:\\\/\\\/clarify.com.br\\\/blog\\\/wp-content\\\/uploads\\\/2025\\\/10\\\/um-homem-esta-trabalhando-em-um-computador-com-um-grafico-na-tela-scaled.jpg\",\"contentUrl\":\"https:\\\/\\\/clarify.com.br\\\/blog\\\/wp-content\\\/uploads\\\/2025\\\/10\\\/um-homem-esta-trabalhando-em-um-computador-com-um-grafico-na-tela-scaled.jpg\",\"width\":2560,\"height\":1463},{\"@type\":\"BreadcrumbList\",\"@id\":\"https:\\\/\\\/clarify.com.br\\\/blog\\\/demanda-por-profissionais-em-analise-de-dados\\\/#breadcrumb\",\"itemListElement\":[{\"@type\":\"ListItem\",\"position\":1,\"name\":\"Home\",\"item\":\"https:\\\/\\\/clarify.com.br\\\/blog\\\/\"},{\"@type\":\"ListItem\",\"position\":2,\"name\":\"Demanda por profissionais em An\u00e1lise de Dados: tend\u00eancia at\u00e9 2030\"}]},{\"@type\":\"WebSite\",\"@id\":\"https:\\\/\\\/clarify.com.br\\\/blog\\\/#website\",\"url\":\"https:\\\/\\\/clarify.com.br\\\/blog\\\/\",\"name\":\"Clarify\",\"description\":\"Blog\",\"potentialAction\":[{\"@type\":\"SearchAction\",\"target\":{\"@type\":\"EntryPoint\",\"urlTemplate\":\"https:\\\/\\\/clarify.com.br\\\/blog\\\/?s={search_term_string}\"},\"query-input\":{\"@type\":\"PropertyValueSpecification\",\"valueRequired\":true,\"valueName\":\"search_term_string\"}}],\"inLanguage\":\"pt-BR\"},{\"@type\":\"Person\",\"@id\":\"https:\\\/\\\/clarify.com.br\\\/blog\\\/#\\\/schema\\\/person\\\/8ec0e8d0e41a3241248767d314f7e266\",\"name\":\"Clarify\",\"image\":{\"@type\":\"ImageObject\",\"inLanguage\":\"pt-BR\",\"@id\":\"https:\\\/\\\/secure.gravatar.com\\\/avatar\\\/b03d6431bbbbbb6e48546cf3ae4d5d37fa96cf0e647583008183bd1483a861d9?s=96&d=mm&r=g\",\"url\":\"https:\\\/\\\/secure.gravatar.com\\\/avatar\\\/b03d6431bbbbbb6e48546cf3ae4d5d37fa96cf0e647583008183bd1483a861d9?s=96&d=mm&r=g\",\"contentUrl\":\"https:\\\/\\\/secure.gravatar.com\\\/avatar\\\/b03d6431bbbbbb6e48546cf3ae4d5d37fa96cf0e647583008183bd1483a861d9?s=96&d=mm&r=g\",\"caption\":\"Clarify\"},\"description\":\"Somos uma escola que acredita no potencial de todos. Uma for\u00e7a capaz de colocar nossos mundos em movimentos. Um chamado para quem n\u00e3o tem medo de aprender.\",\"sameAs\":[\"https:\\\/\\\/clarify.com.br\\\/blog\"],\"url\":\"https:\\\/\\\/clarify.com.br\\\/blog\\\/author\\\/mavella\\\/\"}]}<\/script>\n<!-- \/ Yoast SEO plugin. -->","yoast_head_json":{"title":"Demanda por profissionais em an\u00e1lise de dados","description":"A demanda por profissionais em an\u00e1lise de dados cresce at\u00e9 2030. Descubra por que essa \u00e9 uma das carreiras mais promissoras do mercado.","robots":{"index":"index","follow":"follow","max-snippet":"max-snippet:-1","max-image-preview":"max-image-preview:large","max-video-preview":"max-video-preview:-1"},"canonical":"https:\/\/clarify.com.br\/blog\/demanda-por-profissionais-em-analise-de-dados\/","og_locale":"pt_BR","og_type":"article","og_title":"Demanda por profissionais em an\u00e1lise de dados","og_description":"A demanda por profissionais em an\u00e1lise de dados cresce at\u00e9 2030. Descubra por que essa \u00e9 uma das carreiras mais promissoras do mercado.","og_url":"https:\/\/clarify.com.br\/blog\/demanda-por-profissionais-em-analise-de-dados\/","og_site_name":"Clarify","article_published_time":"2025-10-07T10:00:00+00:00","article_modified_time":"2025-10-09T14:28:38+00:00","og_image":[{"width":2560,"height":1463,"url":"https:\/\/clarify.com.br\/blog\/wp-content\/uploads\/2025\/10\/um-homem-esta-trabalhando-em-um-computador-com-um-grafico-na-tela-scaled.jpg","type":"image\/jpeg"}],"author":"Clarify","twitter_card":"summary_large_image","twitter_misc":{"Escrito por":"Clarify","Est. tempo de leitura":"3 minutos"},"schema":{"@context":"https:\/\/schema.org","@graph":[{"@type":"Article","@id":"https:\/\/clarify.com.br\/blog\/demanda-por-profissionais-em-analise-de-dados\/#article","isPartOf":{"@id":"https:\/\/clarify.com.br\/blog\/demanda-por-profissionais-em-analise-de-dados\/"},"author":{"name":"Clarify","@id":"https:\/\/clarify.com.br\/blog\/#\/schema\/person\/8ec0e8d0e41a3241248767d314f7e266"},"headline":"Demanda por profissionais em An\u00e1lise de Dados: tend\u00eancia at\u00e9 2030","datePublished":"2025-10-07T10:00:00+00:00","dateModified":"2025-10-09T14:28:38+00:00","mainEntityOfPage":{"@id":"https:\/\/clarify.com.br\/blog\/demanda-por-profissionais-em-analise-de-dados\/"},"wordCount":446,"commentCount":1,"image":{"@id":"https:\/\/clarify.com.br\/blog\/demanda-por-profissionais-em-analise-de-dados\/#primaryimage"},"thumbnailUrl":"https:\/\/clarify.com.br\/blog\/wp-content\/uploads\/2025\/10\/um-homem-esta-trabalhando-em-um-computador-com-um-grafico-na-tela-scaled.jpg","keywords":["Analise de Dados"],"articleSection":["Analise de Dados"],"inLanguage":"pt-BR","potentialAction":[{"@type":"CommentAction","name":"Comment","target":["https:\/\/clarify.com.br\/blog\/demanda-por-profissionais-em-analise-de-dados\/#respond"]}]},{"@type":"WebPage","@id":"https:\/\/clarify.com.br\/blog\/demanda-por-profissionais-em-analise-de-dados\/","url":"https:\/\/clarify.com.br\/blog\/demanda-por-profissionais-em-analise-de-dados\/","name":"Demanda por profissionais em an\u00e1lise de dados","isPartOf":{"@id":"https:\/\/clarify.com.br\/blog\/#website"},"primaryImageOfPage":{"@id":"https:\/\/clarify.com.br\/blog\/demanda-por-profissionais-em-analise-de-dados\/#primaryimage"},"image":{"@id":"https:\/\/clarify.com.br\/blog\/demanda-por-profissionais-em-analise-de-dados\/#primaryimage"},"thumbnailUrl":"https:\/\/clarify.com.br\/blog\/wp-content\/uploads\/2025\/10\/um-homem-esta-trabalhando-em-um-computador-com-um-grafico-na-tela-scaled.jpg","datePublished":"2025-10-07T10:00:00+00:00","dateModified":"2025-10-09T14:28:38+00:00","author":{"@id":"https:\/\/clarify.com.br\/blog\/#\/schema\/person\/8ec0e8d0e41a3241248767d314f7e266"},"description":"A demanda por profissionais em an\u00e1lise de dados cresce at\u00e9 2030. Descubra por que essa \u00e9 uma das carreiras mais promissoras do mercado.","breadcrumb":{"@id":"https:\/\/clarify.com.br\/blog\/demanda-por-profissionais-em-analise-de-dados\/#breadcrumb"},"inLanguage":"pt-BR","potentialAction":[{"@type":"ReadAction","target":["https:\/\/clarify.com.br\/blog\/demanda-por-profissionais-em-analise-de-dados\/"]}]},{"@type":"ImageObject","inLanguage":"pt-BR","@id":"https:\/\/clarify.com.br\/blog\/demanda-por-profissionais-em-analise-de-dados\/#primaryimage","url":"https:\/\/clarify.com.br\/blog\/wp-content\/uploads\/2025\/10\/um-homem-esta-trabalhando-em-um-computador-com-um-grafico-na-tela-scaled.jpg","contentUrl":"https:\/\/clarify.com.br\/blog\/wp-content\/uploads\/2025\/10\/um-homem-esta-trabalhando-em-um-computador-com-um-grafico-na-tela-scaled.jpg","width":2560,"height":1463},{"@type":"BreadcrumbList","@id":"https:\/\/clarify.com.br\/blog\/demanda-por-profissionais-em-analise-de-dados\/#breadcrumb","itemListElement":[{"@type":"ListItem","position":1,"name":"Home","item":"https:\/\/clarify.com.br\/blog\/"},{"@type":"ListItem","position":2,"name":"Demanda por profissionais em An\u00e1lise de Dados: tend\u00eancia at\u00e9 2030"}]},{"@type":"WebSite","@id":"https:\/\/clarify.com.br\/blog\/#website","url":"https:\/\/clarify.com.br\/blog\/","name":"Clarify","description":"Blog","potentialAction":[{"@type":"SearchAction","target":{"@type":"EntryPoint","urlTemplate":"https:\/\/clarify.com.br\/blog\/?s={search_term_string}"},"query-input":{"@type":"PropertyValueSpecification","valueRequired":true,"valueName":"search_term_string"}}],"inLanguage":"pt-BR"},{"@type":"Person","@id":"https:\/\/clarify.com.br\/blog\/#\/schema\/person\/8ec0e8d0e41a3241248767d314f7e266","name":"Clarify","image":{"@type":"ImageObject","inLanguage":"pt-BR","@id":"https:\/\/secure.gravatar.com\/avatar\/b03d6431bbbbbb6e48546cf3ae4d5d37fa96cf0e647583008183bd1483a861d9?s=96&d=mm&r=g","url":"https:\/\/secure.gravatar.com\/avatar\/b03d6431bbbbbb6e48546cf3ae4d5d37fa96cf0e647583008183bd1483a861d9?s=96&d=mm&r=g","contentUrl":"https:\/\/secure.gravatar.com\/avatar\/b03d6431bbbbbb6e48546cf3ae4d5d37fa96cf0e647583008183bd1483a861d9?s=96&d=mm&r=g","caption":"Clarify"},"description":"Somos uma escola que acredita no potencial de todos. Uma for\u00e7a capaz de colocar nossos mundos em movimentos. Um chamado para quem n\u00e3o tem medo de aprender.","sameAs":["https:\/\/clarify.com.br\/blog"],"url":"https:\/\/clarify.com.br\/blog\/author\/mavella\/"}]}},"_links":{"self":[{"href":"https:\/\/clarify.com.br\/blog\/wp-json\/wp\/v2\/posts\/3160","targetHints":{"allow":["GET"]}}],"collection":[{"href":"https:\/\/clarify.com.br\/blog\/wp-json\/wp\/v2\/posts"}],"about":[{"href":"https:\/\/clarify.com.br\/blog\/wp-json\/wp\/v2\/types\/post"}],"author":[{"embeddable":true,"href":"https:\/\/clarify.com.br\/blog\/wp-json\/wp\/v2\/users\/1"}],"replies":[{"embeddable":true,"href":"https:\/\/clarify.com.br\/blog\/wp-json\/wp\/v2\/comments?post=3160"}],"version-history":[{"count":9,"href":"https:\/\/clarify.com.br\/blog\/wp-json\/wp\/v2\/posts\/3160\/revisions"}],"predecessor-version":[{"id":3174,"href":"https:\/\/clarify.com.br\/blog\/wp-json\/wp\/v2\/posts\/3160\/revisions\/3174"}],"wp:featuredmedia":[{"embeddable":true,"href":"https:\/\/clarify.com.br\/blog\/wp-json\/wp\/v2\/media\/3165"}],"wp:attachment":[{"href":"https:\/\/clarify.com.br\/blog\/wp-json\/wp\/v2\/media?parent=3160"}],"wp:term":[{"taxonomy":"category","embeddable":true,"href":"https:\/\/clarify.com.br\/blog\/wp-json\/wp\/v2\/categories?post=3160"},{"taxonomy":"post_tag","embeddable":true,"href":"https:\/\/clarify.com.br\/blog\/wp-json\/wp\/v2\/tags?post=3160"}],"curies":[{"name":"wp","href":"https:\/\/api.w.org\/{rel}","templated":true}]}}